{"id":3166,"date":"2020-09-24T15:38:48","date_gmt":"2020-09-24T14:38:48","guid":{"rendered":"https:\/\/colegiolusosuico.com\/transicao-do-pre-escolar-para-o-1-o-ciclo-o-que-muda\/"},"modified":"2026-04-03T17:48:07","modified_gmt":"2026-04-03T16:48:07","slug":"from-preschool-to-primary-school-what-changes","status":"publish","type":"post","link":"https:\/\/colegiolusosuico.com\/en\/from-preschool-to-primary-school-what-changes\/","title":{"rendered":"From preschool to primary school: what changes"},"content":{"rendered":"<div class=\"fusion-fullwidth fullwidth-box fusion-builder-row-1 fusion-flex-container nonhundred-percent-fullwidth non-hundred-percent-height-scrolling\" style=\"--awb-border-radius-top-left:0px;--awb-border-radius-top-right:0px;--awb-border-radius-bottom-right:0px;--awb-border-radius-bottom-left:0px;--awb-flex-wrap:wrap;\" ><div class=\"fusion-builder-row fusion-row fusion-flex-align-items-flex-start fusion-flex-content-wrap\" style=\"max-width:1365px;margin-left: calc(-5% \/ 2 );margin-right: calc(-5% \/ 2 );\"><div class=\"fusion-layout-column fusion_builder_column fusion-builder-column-0 fusion_builder_column_1_1 1_1 fusion-flex-column\" style=\"--awb-bg-blend:overlay;--awb-bg-size:cover;--awb-width-large:100%;--awb-margin-top-large:0px;--awb-spacing-right-large:2.375%;--awb-margin-bottom-large:0px;--awb-spacing-left-large:2.375%;--awb-width-medium:100%;--awb-spacing-right-medium:2.375%;--awb-spacing-left-medium:2.375%;--awb-width-small:100%;--awb-spacing-right-small:2.375%;--awb-spacing-left-small:2.375%;\"><div class=\"fusion-column-wrapper fusion-flex-justify-content-flex-start fusion-content-layout-column\"><div class=\"fusion-text fusion-text-1\"><p>The transition to <a href=\"https:\/\/colegiolusosuico.com\/en\/primary-school\/\">primary school<\/a> is rarely experienced by the child as a sudden \u201cjump\u201d. For adults, it often feels that way. For the child, it is more a change of rhythm: more structure, more time sitting down, more tasks that need to be started and completed. Above all, it brings a new relationship with mistakes &#8211; because the child begins to realise more often that some things are \u201cright\u201d and others are \u201cwrong\u201d.<\/p>\n<p>The good news is that it is not necessary to make <a href=\"https:\/\/colegiolusosuico.com\/en\/preschool\/\">preschool<\/a> \u201cacademic\u201d in order to prepare for this transition. What really helps is something else: autonomy, language, attention and confidence.<\/p>\n<h3>What changes in practice<\/h3>\n<p>In <a href=\"https:\/\/colegiolusosuico.com\/en\/preschool\/\">preschool<\/a>, much of what children learn happens through play and exploration. In primary school, that foundation remains important, but a new layer is added: children begin to work with more clearly defined goals and with tasks that require continuity. It becomes less about \u201cdoing and moving on\u201d and more about \u201cdoing, reviewing and finishing\u201d.<\/p>\n<p>This calls for two abilities that are not taught through worksheets: the ability to cope with some frustration and the ability to start again without feeling \u201cworse\u201d because of it.<\/p>\n<h3>\n<p>What really helps a child settle in well<\/p>\n<\/h3>\n<p>At home, preparation can be extremely simple. When a child learns to get dressed more independently, put away two or three things, and follow a morning routine without constant conflict, they are practising exactly what they will need in primary school: starting and finishing small tasks.<\/p>\n<p>Language also matters a great deal. It is not about \u201cknowing letters\u201d early. It is about being able to tell what happened, explain an idea, ask for help and describe a problem. Children who can express themselves tend to feel more secure in the classroom.<\/p>\n<h3>And what does not help &#8211; even if it seems like it might<\/h3>\n<p>There is a common temptation: \u201clet\u2019s move ahead with the academic content so they do not struggle later.\u201d The risk is that this creates anxiety and turns <a href=\"https:\/\/colegiolusosuico.com\/en\/primary-school\/\">primary school<\/a> into a race. The child starts school believing they need to know everything already and, when they realise they do not, they begin to feel insecure.<\/p>\n<p>What is far more helpful than \u201cgetting ahead\u201d is building a calm relationship with learning: making mistakes, correcting them and trying again.<\/p>\n<h3>The school\u2019s role in the transition<\/h3>\n<p><span style=\"background-color: rgba(0, 0, 0, 0);\">A school that manages this transition well does not \u201cchange the child\u2019s world\u201d from one day to the next. It keeps a human rhythm, creates routines, teaches method and gives feedback in a calm and steady way. The child feels that there is a path to follow and that they are not alone in trying to understand how \u201creal school\u201d works.<\/span><\/p>\n<p>If you are thinking about <a href=\"https:\/\/colegiolusosuico.com\/en\/primary-school\/\">primary school<\/a> and would like to understand how this transition is supported, <a href=\"https:\/\/colegiolusosuico.com\/en\/contacts\/\">book a visit to Col\u00e9gio Luso-Su\u00ed\u00e7o<\/a>.<\/p>\n<\/div><\/div><\/div><\/div><\/div>\n","protected":false},"excerpt":{"rendered":"","protected":false},"author":1,"featured_media":3168,"comment_status":"open","ping_status":"open","sticky":false,"template":"","format":"standard","meta":{"footnotes":""},"categories":[1],"tags":[],"class_list":["post-3166","post","type-post","status-publish","format-standard","has-post-thumbnail","hentry","category-education"],"yoast_head":"<!-- This site is optimized with the Yoast SEO plugin v27.4 - https:\/\/yoast.com\/product\/yoast-seo-wordpress\/ -->\n<title>From preschool to primary school: what changes | Col\u00e9gio Luso-Su\u00ed\u00e7o<\/title>\n<meta name=\"description\" content=\"What changes when moving from preschool to primary school and how you can help prepare your child for that transition.\" \/>\n<meta name=\"robots\" content=\"index, follow, max-snippet:-1, max-image-preview:large, max-video-preview:-1\" \/>\n<link rel=\"canonical\" href=\"https:\/\/colegiolusosuico.com\/en\/from-preschool-to-primary-school-what-changes\/\" \/>\n<meta property=\"og:locale\" content=\"en_US\" \/>\n<meta property=\"og:type\" content=\"article\" \/>\n<meta property=\"og:title\" content=\"From preschool to primary school: what changes | Col\u00e9gio Luso-Su\u00ed\u00e7o\" \/>\n<meta property=\"og:description\" content=\"What changes when moving from preschool to primary school and how you can help prepare your child for that transition.\" \/>\n<meta property=\"og:url\" content=\"https:\/\/colegiolusosuico.com\/en\/from-preschool-to-primary-school-what-changes\/\" \/>\n<meta property=\"og:site_name\" content=\"Col\u00e9gio Luso-Su\u00ed\u00e7o\" \/>\n<meta property=\"article:publisher\" content=\"https:\/\/pt-pt.facebook.com\/colegiolusosuico\/\" \/>\n<meta property=\"article:published_time\" content=\"2020-09-24T14:38:48+00:00\" \/>\n<meta property=\"article:modified_time\" content=\"2026-04-03T16:48:07+00:00\" \/>\n<meta property=\"og:image\" content=\"https:\/\/colegiolusosuico.com\/cms\/wp-content\/uploads\/2026\/03\/colegioLusoSuico\u00a9JoanaLinda02590DSC02590.jpg\" \/>\n\t<meta property=\"og:image:width\" content=\"1650\" \/>\n\t<meta property=\"og:image:height\" content=\"1100\" \/>\n\t<meta property=\"og:image:type\" content=\"image\/jpeg\" \/>\n<meta name=\"author\" content=\"rjml\" \/>\n<meta name=\"twitter:card\" content=\"summary_large_image\" \/>\n<meta name=\"twitter:label1\" content=\"Written by\" \/>\n\t<meta name=\"twitter:data1\" content=\"rjml\" \/>\n\t<meta name=\"twitter:label2\" content=\"Est. reading time\" \/>\n\t<meta name=\"twitter:data2\" content=\"3 minutes\" \/>\n<script type=\"application\/ld+json\" class=\"yoast-schema-graph\">{\"@context\":\"https:\\\/\\\/schema.org\",\"@graph\":[{\"@type\":\"Article\",\"@id\":\"https:\\\/\\\/colegiolusosuico.com\\\/en\\\/from-preschool-to-primary-school-what-changes\\\/#article\",\"isPartOf\":{\"@id\":\"https:\\\/\\\/colegiolusosuico.com\\\/en\\\/from-preschool-to-primary-school-what-changes\\\/\"},\"author\":{\"name\":\"rjml\",\"@id\":\"https:\\\/\\\/colegiolusosuico.com\\\/en\\\/#\\\/schema\\\/person\\\/5b2c6ac69efa6ed72dd1501b738c4f58\"},\"headline\":\"From preschool to primary school: what changes\",\"datePublished\":\"2020-09-24T14:38:48+00:00\",\"dateModified\":\"2026-04-03T16:48:07+00:00\",\"mainEntityOfPage\":{\"@id\":\"https:\\\/\\\/colegiolusosuico.com\\\/en\\\/from-preschool-to-primary-school-what-changes\\\/\"},\"wordCount\":600,\"commentCount\":0,\"publisher\":{\"@id\":\"https:\\\/\\\/colegiolusosuico.com\\\/en\\\/#organization\"},\"image\":{\"@id\":\"https:\\\/\\\/colegiolusosuico.com\\\/en\\\/from-preschool-to-primary-school-what-changes\\\/#primaryimage\"},\"thumbnailUrl\":\"https:\\\/\\\/colegiolusosuico.com\\\/cms\\\/wp-content\\\/uploads\\\/2026\\\/03\\\/colegioLusoSuico\u00a9JoanaLinda02590DSC02590.jpg\",\"articleSection\":[\"Education\"],\"inLanguage\":\"en-US\",\"potentialAction\":[{\"@type\":\"CommentAction\",\"name\":\"Comment\",\"target\":[\"https:\\\/\\\/colegiolusosuico.com\\\/en\\\/from-preschool-to-primary-school-what-changes\\\/#respond\"]}]},{\"@type\":\"WebPage\",\"@id\":\"https:\\\/\\\/colegiolusosuico.com\\\/en\\\/from-preschool-to-primary-school-what-changes\\\/\",\"url\":\"https:\\\/\\\/colegiolusosuico.com\\\/en\\\/from-preschool-to-primary-school-what-changes\\\/\",\"name\":\"From preschool to primary school: what changes | Col\u00e9gio Luso-Su\u00ed\u00e7o\",\"isPartOf\":{\"@id\":\"https:\\\/\\\/colegiolusosuico.com\\\/en\\\/#website\"},\"primaryImageOfPage\":{\"@id\":\"https:\\\/\\\/colegiolusosuico.com\\\/en\\\/from-preschool-to-primary-school-what-changes\\\/#primaryimage\"},\"image\":{\"@id\":\"https:\\\/\\\/colegiolusosuico.com\\\/en\\\/from-preschool-to-primary-school-what-changes\\\/#primaryimage\"},\"thumbnailUrl\":\"https:\\\/\\\/colegiolusosuico.com\\\/cms\\\/wp-content\\\/uploads\\\/2026\\\/03\\\/colegioLusoSuico\u00a9JoanaLinda02590DSC02590.jpg\",\"datePublished\":\"2020-09-24T14:38:48+00:00\",\"dateModified\":\"2026-04-03T16:48:07+00:00\",\"description\":\"What changes when moving from preschool to primary school and how you can help prepare your child for that transition.\",\"breadcrumb\":{\"@id\":\"https:\\\/\\\/colegiolusosuico.com\\\/en\\\/from-preschool-to-primary-school-what-changes\\\/#breadcrumb\"},\"inLanguage\":\"en-US\",\"potentialAction\":[{\"@type\":\"ReadAction\",\"target\":[\"https:\\\/\\\/colegiolusosuico.com\\\/en\\\/from-preschool-to-primary-school-what-changes\\\/\"]}]},{\"@type\":\"ImageObject\",\"inLanguage\":\"en-US\",\"@id\":\"https:\\\/\\\/colegiolusosuico.com\\\/en\\\/from-preschool-to-primary-school-what-changes\\\/#primaryimage\",\"url\":\"https:\\\/\\\/colegiolusosuico.com\\\/cms\\\/wp-content\\\/uploads\\\/2026\\\/03\\\/colegioLusoSuico\u00a9JoanaLinda02590DSC02590.jpg\",\"contentUrl\":\"https:\\\/\\\/colegiolusosuico.com\\\/cms\\\/wp-content\\\/uploads\\\/2026\\\/03\\\/colegioLusoSuico\u00a9JoanaLinda02590DSC02590.jpg\",\"width\":1650,\"height\":1100},{\"@type\":\"BreadcrumbList\",\"@id\":\"https:\\\/\\\/colegiolusosuico.com\\\/en\\\/from-preschool-to-primary-school-what-changes\\\/#breadcrumb\",\"itemListElement\":[{\"@type\":\"ListItem\",\"position\":1,\"name\":\"In\u00edcio\",\"item\":\"https:\\\/\\\/colegiolusosuico.com\\\/en\\\/\"},{\"@type\":\"ListItem\",\"position\":2,\"name\":\"From preschool to primary school: what changes\"}]},{\"@type\":\"WebSite\",\"@id\":\"https:\\\/\\\/colegiolusosuico.com\\\/en\\\/#website\",\"url\":\"https:\\\/\\\/colegiolusosuico.com\\\/en\\\/\",\"name\":\"Col\u00e9gio Luso-Su\u00ed\u00e7o\",\"description\":\"Creche, pr\u00e9-escolar e 1.\u00ba ciclo em S\u00e3o Bento, Lisboa.\",\"publisher\":{\"@id\":\"https:\\\/\\\/colegiolusosuico.com\\\/en\\\/#organization\"},\"potentialAction\":[{\"@type\":\"SearchAction\",\"target\":{\"@type\":\"EntryPoint\",\"urlTemplate\":\"https:\\\/\\\/colegiolusosuico.com\\\/en\\\/?s={search_term_string}\"},\"query-input\":{\"@type\":\"PropertyValueSpecification\",\"valueRequired\":true,\"valueName\":\"search_term_string\"}}],\"inLanguage\":\"en-US\"},{\"@type\":\"Organization\",\"@id\":\"https:\\\/\\\/colegiolusosuico.com\\\/en\\\/#organization\",\"name\":\"Col\u00e9gio Luso-Su\u00ed\u00e7o\",\"url\":\"https:\\\/\\\/colegiolusosuico.com\\\/en\\\/\",\"logo\":{\"@type\":\"ImageObject\",\"inLanguage\":\"en-US\",\"@id\":\"https:\\\/\\\/colegiolusosuico.com\\\/en\\\/#\\\/schema\\\/logo\\\/image\\\/\",\"url\":\"https:\\\/\\\/colegiolusosuico.com\\\/cms\\\/wp-content\\\/uploads\\\/2026\\\/02\\\/logo_colegio_2026.svg\",\"contentUrl\":\"https:\\\/\\\/colegiolusosuico.com\\\/cms\\\/wp-content\\\/uploads\\\/2026\\\/02\\\/logo_colegio_2026.svg\",\"width\":206,\"height\":66,\"caption\":\"Col\u00e9gio Luso-Su\u00ed\u00e7o\"},\"image\":{\"@id\":\"https:\\\/\\\/colegiolusosuico.com\\\/en\\\/#\\\/schema\\\/logo\\\/image\\\/\"},\"sameAs\":[\"https:\\\/\\\/pt-pt.facebook.com\\\/colegiolusosuico\\\/\",\"https:\\\/\\\/www.instagram.com\\\/colegioluso_suico\\\/\"]},{\"@type\":\"Person\",\"@id\":\"https:\\\/\\\/colegiolusosuico.com\\\/en\\\/#\\\/schema\\\/person\\\/5b2c6ac69efa6ed72dd1501b738c4f58\",\"name\":\"rjml\",\"image\":{\"@type\":\"ImageObject\",\"inLanguage\":\"en-US\",\"@id\":\"https:\\\/\\\/secure.gravatar.com\\\/avatar\\\/b97e5a0da1f7f32c5a2f2aaeaf023519d7eb24324207502940c0e54b09a9e9db?s=96&d=mm&r=g\",\"url\":\"https:\\\/\\\/secure.gravatar.com\\\/avatar\\\/b97e5a0da1f7f32c5a2f2aaeaf023519d7eb24324207502940c0e54b09a9e9db?s=96&d=mm&r=g\",\"contentUrl\":\"https:\\\/\\\/secure.gravatar.com\\\/avatar\\\/b97e5a0da1f7f32c5a2f2aaeaf023519d7eb24324207502940c0e54b09a9e9db?s=96&d=mm&r=g\",\"caption\":\"rjml\"},\"sameAs\":[\"https:\\\/\\\/colegiolusosuico.com\\\/cms\"],\"url\":\"https:\\\/\\\/colegiolusosuico.com\\\/en\\\/author\\\/rjml\\\/\"}]}<\/script>\n<!-- \/ Yoast SEO plugin. -->","yoast_head_json":{"title":"From preschool to primary school: what changes | Col\u00e9gio Luso-Su\u00ed\u00e7o","description":"What changes when moving from preschool to primary school and how you can help prepare your child for that transition.","robots":{"index":"index","follow":"follow","max-snippet":"max-snippet:-1","max-image-preview":"max-image-preview:large","max-video-preview":"max-video-preview:-1"},"canonical":"https:\/\/colegiolusosuico.com\/en\/from-preschool-to-primary-school-what-changes\/","og_locale":"en_US","og_type":"article","og_title":"From preschool to primary school: what changes | Col\u00e9gio Luso-Su\u00ed\u00e7o","og_description":"What changes when moving from preschool to primary school and how you can help prepare your child for that transition.","og_url":"https:\/\/colegiolusosuico.com\/en\/from-preschool-to-primary-school-what-changes\/","og_site_name":"Col\u00e9gio Luso-Su\u00ed\u00e7o","article_publisher":"https:\/\/pt-pt.facebook.com\/colegiolusosuico\/","article_published_time":"2020-09-24T14:38:48+00:00","article_modified_time":"2026-04-03T16:48:07+00:00","og_image":[{"width":1650,"height":1100,"url":"https:\/\/colegiolusosuico.com\/cms\/wp-content\/uploads\/2026\/03\/colegioLusoSuico\u00a9JoanaLinda02590DSC02590.jpg","type":"image\/jpeg"}],"author":"rjml","twitter_card":"summary_large_image","twitter_misc":{"Written by":"rjml","Est. reading time":"3 minutes"},"schema":{"@context":"https:\/\/schema.org","@graph":[{"@type":"Article","@id":"https:\/\/colegiolusosuico.com\/en\/from-preschool-to-primary-school-what-changes\/#article","isPartOf":{"@id":"https:\/\/colegiolusosuico.com\/en\/from-preschool-to-primary-school-what-changes\/"},"author":{"name":"rjml","@id":"https:\/\/colegiolusosuico.com\/en\/#\/schema\/person\/5b2c6ac69efa6ed72dd1501b738c4f58"},"headline":"From preschool to primary school: what changes","datePublished":"2020-09-24T14:38:48+00:00","dateModified":"2026-04-03T16:48:07+00:00","mainEntityOfPage":{"@id":"https:\/\/colegiolusosuico.com\/en\/from-preschool-to-primary-school-what-changes\/"},"wordCount":600,"commentCount":0,"publisher":{"@id":"https:\/\/colegiolusosuico.com\/en\/#organization"},"image":{"@id":"https:\/\/colegiolusosuico.com\/en\/from-preschool-to-primary-school-what-changes\/#primaryimage"},"thumbnailUrl":"https:\/\/colegiolusosuico.com\/cms\/wp-content\/uploads\/2026\/03\/colegioLusoSuico\u00a9JoanaLinda02590DSC02590.jpg","articleSection":["Education"],"inLanguage":"en-US","potentialAction":[{"@type":"CommentAction","name":"Comment","target":["https:\/\/colegiolusosuico.com\/en\/from-preschool-to-primary-school-what-changes\/#respond"]}]},{"@type":"WebPage","@id":"https:\/\/colegiolusosuico.com\/en\/from-preschool-to-primary-school-what-changes\/","url":"https:\/\/colegiolusosuico.com\/en\/from-preschool-to-primary-school-what-changes\/","name":"From preschool to primary school: what changes | Col\u00e9gio Luso-Su\u00ed\u00e7o","isPartOf":{"@id":"https:\/\/colegiolusosuico.com\/en\/#website"},"primaryImageOfPage":{"@id":"https:\/\/colegiolusosuico.com\/en\/from-preschool-to-primary-school-what-changes\/#primaryimage"},"image":{"@id":"https:\/\/colegiolusosuico.com\/en\/from-preschool-to-primary-school-what-changes\/#primaryimage"},"thumbnailUrl":"https:\/\/colegiolusosuico.com\/cms\/wp-content\/uploads\/2026\/03\/colegioLusoSuico\u00a9JoanaLinda02590DSC02590.jpg","datePublished":"2020-09-24T14:38:48+00:00","dateModified":"2026-04-03T16:48:07+00:00","description":"What changes when moving from preschool to primary school and how you can help prepare your child for that transition.","breadcrumb":{"@id":"https:\/\/colegiolusosuico.com\/en\/from-preschool-to-primary-school-what-changes\/#breadcrumb"},"inLanguage":"en-US","potentialAction":[{"@type":"ReadAction","target":["https:\/\/colegiolusosuico.com\/en\/from-preschool-to-primary-school-what-changes\/"]}]},{"@type":"ImageObject","inLanguage":"en-US","@id":"https:\/\/colegiolusosuico.com\/en\/from-preschool-to-primary-school-what-changes\/#primaryimage","url":"https:\/\/colegiolusosuico.com\/cms\/wp-content\/uploads\/2026\/03\/colegioLusoSuico\u00a9JoanaLinda02590DSC02590.jpg","contentUrl":"https:\/\/colegiolusosuico.com\/cms\/wp-content\/uploads\/2026\/03\/colegioLusoSuico\u00a9JoanaLinda02590DSC02590.jpg","width":1650,"height":1100},{"@type":"BreadcrumbList","@id":"https:\/\/colegiolusosuico.com\/en\/from-preschool-to-primary-school-what-changes\/#breadcrumb","itemListElement":[{"@type":"ListItem","position":1,"name":"In\u00edcio","item":"https:\/\/colegiolusosuico.com\/en\/"},{"@type":"ListItem","position":2,"name":"From preschool to primary school: what changes"}]},{"@type":"WebSite","@id":"https:\/\/colegiolusosuico.com\/en\/#website","url":"https:\/\/colegiolusosuico.com\/en\/","name":"Col\u00e9gio Luso-Su\u00ed\u00e7o","description":"Creche, pr\u00e9-escolar e 1.\u00ba ciclo em S\u00e3o Bento, Lisboa.","publisher":{"@id":"https:\/\/colegiolusosuico.com\/en\/#organization"},"potentialAction":[{"@type":"SearchAction","target":{"@type":"EntryPoint","urlTemplate":"https:\/\/colegiolusosuico.com\/en\/?s={search_term_string}"},"query-input":{"@type":"PropertyValueSpecification","valueRequired":true,"valueName":"search_term_string"}}],"inLanguage":"en-US"},{"@type":"Organization","@id":"https:\/\/colegiolusosuico.com\/en\/#organization","name":"Col\u00e9gio Luso-Su\u00ed\u00e7o","url":"https:\/\/colegiolusosuico.com\/en\/","logo":{"@type":"ImageObject","inLanguage":"en-US","@id":"https:\/\/colegiolusosuico.com\/en\/#\/schema\/logo\/image\/","url":"https:\/\/colegiolusosuico.com\/cms\/wp-content\/uploads\/2026\/02\/logo_colegio_2026.svg","contentUrl":"https:\/\/colegiolusosuico.com\/cms\/wp-content\/uploads\/2026\/02\/logo_colegio_2026.svg","width":206,"height":66,"caption":"Col\u00e9gio Luso-Su\u00ed\u00e7o"},"image":{"@id":"https:\/\/colegiolusosuico.com\/en\/#\/schema\/logo\/image\/"},"sameAs":["https:\/\/pt-pt.facebook.com\/colegiolusosuico\/","https:\/\/www.instagram.com\/colegioluso_suico\/"]},{"@type":"Person","@id":"https:\/\/colegiolusosuico.com\/en\/#\/schema\/person\/5b2c6ac69efa6ed72dd1501b738c4f58","name":"rjml","image":{"@type":"ImageObject","inLanguage":"en-US","@id":"https:\/\/secure.gravatar.com\/avatar\/b97e5a0da1f7f32c5a2f2aaeaf023519d7eb24324207502940c0e54b09a9e9db?s=96&d=mm&r=g","url":"https:\/\/secure.gravatar.com\/avatar\/b97e5a0da1f7f32c5a2f2aaeaf023519d7eb24324207502940c0e54b09a9e9db?s=96&d=mm&r=g","contentUrl":"https:\/\/secure.gravatar.com\/avatar\/b97e5a0da1f7f32c5a2f2aaeaf023519d7eb24324207502940c0e54b09a9e9db?s=96&d=mm&r=g","caption":"rjml"},"sameAs":["https:\/\/colegiolusosuico.com\/cms"],"url":"https:\/\/colegiolusosuico.com\/en\/author\/rjml\/"}]}},"_links":{"self":[{"href":"https:\/\/colegiolusosuico.com\/en\/wp-json\/wp\/v2\/posts\/3166","targetHints":{"allow":["GET"]}}],"collection":[{"href":"https:\/\/colegiolusosuico.com\/en\/wp-json\/wp\/v2\/posts"}],"about":[{"href":"https:\/\/colegiolusosuico.com\/en\/wp-json\/wp\/v2\/types\/post"}],"author":[{"embeddable":true,"href":"https:\/\/colegiolusosuico.com\/en\/wp-json\/wp\/v2\/users\/1"}],"replies":[{"embeddable":true,"href":"https:\/\/colegiolusosuico.com\/en\/wp-json\/wp\/v2\/comments?post=3166"}],"version-history":[{"count":3,"href":"https:\/\/colegiolusosuico.com\/en\/wp-json\/wp\/v2\/posts\/3166\/revisions"}],"predecessor-version":[{"id":3737,"href":"https:\/\/colegiolusosuico.com\/en\/wp-json\/wp\/v2\/posts\/3166\/revisions\/3737"}],"wp:featuredmedia":[{"embeddable":true,"href":"https:\/\/colegiolusosuico.com\/en\/wp-json\/wp\/v2\/media\/3168"}],"wp:attachment":[{"href":"https:\/\/colegiolusosuico.com\/en\/wp-json\/wp\/v2\/media?parent=3166"}],"wp:term":[{"taxonomy":"category","embeddable":true,"href":"https:\/\/colegiolusosuico.com\/en\/wp-json\/wp\/v2\/categories?post=3166"},{"taxonomy":"post_tag","embeddable":true,"href":"https:\/\/colegiolusosuico.com\/en\/wp-json\/wp\/v2\/tags?post=3166"}],"curies":[{"name":"wp","href":"https:\/\/api.w.org\/{rel}","templated":true}]}}